{"id":37442,"date":"2023-11-14T16:09:39","date_gmt":"2023-11-14T15:09:39","guid":{"rendered":"https:\/\/www.villaggiosanmatteo.it\/escursione-su-monte-saraceno\/"},"modified":"2024-02-10T21:40:09","modified_gmt":"2024-02-10T20:40:09","slug":"escursione-su-monte-saraceno","status":"publish","type":"post","link":"https:\/\/www.villaggiosanmatteo.it\/fr\/escursione-su-monte-saraceno\/","title":{"rendered":"Excursion sur le mont Saraceno"},"content":{"rendered":"\t\t<div data-elementor-type=\"wp-post\" data-elementor-id=\"37442\" class=\"elementor elementor-37442\">\n\t\t\t\t\t\t<section class=\"elementor-section elementor-top-section elementor-element elementor-element-75d8da8d elementor-section-boxed elementor-section-height-default elementor-section-height-default sc_fly_static\" data-id=\"75d8da8d\" data-element_type=\"section\">\n\t\t\t\t\t\t<div class=\"elementor-container elementor-column-gap-extended\">\n\t\t\t\t\t<div class=\"elementor-column elementor-col-100 elementor-top-column elementor-element elementor-element-7e545378 sc_inner_width_none sc_content_align_inherit sc_layouts_column_icons_position_left sc_fly_static\" data-id=\"7e545378\" data-element_type=\"column\">\n\t\t\t<div class=\"elementor-widget-wrap elementor-element-populated\">\n\t\t\t\t\t\t<div class=\"elementor-element elementor-element-ee7435d sc_fly_static elementor-widget elementor-widget-text-editor\" data-id=\"ee7435d\" data-element_type=\"widget\" data-widget_type=\"text-editor.default\">\n\t\t\t\t<div class=\"elementor-widget-container\">\n\t\t\t\t\t\t\t\t\t<p><span class=\"trx_addons_dropcap trx_addons_dropcap_style_2\">P<\/span>romenade vers le sommet de Monte Saraceno o\u00f9 la vue sur la baie de Mattinata devient enchanteresse, \u00e0 quelques pas du village. Une promenade vers la n\u00e9cropole de Monte Saraceno le long du chemin avec une vue magnifique sur la mer<\/p>\n<figure class=\"wp-block-gallery alignwide has-nested-images columns-default is-cropped\">\n<figure class=\"wp-block-image size-large\">\n<figure id=\"attachment_39681\" aria-describedby=\"caption-attachment-39681\" style=\"width: 300px\" class=\"wp-caption alignnone\"><img fetchpriority=\"high\" decoding=\"async\" class=\"wp-image-39681 size-medium\" src=\"https:\/\/www.villaggiosanmatteo.it\/wp-content\/uploads\/2024\/01\/IMG_1887-300x169.jpeg\" alt=\"\" width=\"300\" height=\"169\" srcset=\"https:\/\/www.villaggiosanmatteo.it\/wp-content\/uploads\/2024\/01\/IMG_1887-300x169.jpeg 300w, https:\/\/www.villaggiosanmatteo.it\/wp-content\/uploads\/2024\/01\/IMG_1887-1024x576.jpeg 1024w, https:\/\/www.villaggiosanmatteo.it\/wp-content\/uploads\/2024\/01\/IMG_1887-768x432.jpeg 768w, https:\/\/www.villaggiosanmatteo.it\/wp-content\/uploads\/2024\/01\/IMG_1887-1536x864.jpeg 1536w, https:\/\/www.villaggiosanmatteo.it\/wp-content\/uploads\/2024\/01\/IMG_1887-2048x1152.jpeg 2048w, https:\/\/www.villaggiosanmatteo.it\/wp-content\/uploads\/2024\/01\/IMG_1887-370x208.jpeg 370w, https:\/\/www.villaggiosanmatteo.it\/wp-content\/uploads\/2024\/01\/IMG_1887-1290x725.jpeg 1290w, https:\/\/www.villaggiosanmatteo.it\/wp-content\/uploads\/2024\/01\/IMG_1887-840x473.jpeg 840w, https:\/\/www.villaggiosanmatteo.it\/wp-content\/uploads\/2024\/01\/IMG_1887-410x231.jpeg 410w, https:\/\/www.villaggiosanmatteo.it\/wp-content\/uploads\/2024\/01\/IMG_1887-270x152.jpeg 270w\" sizes=\"(max-width: 300px) 100vw, 300px\" \/><figcaption id=\"caption-attachment-39681\" class=\"wp-caption-text\">Veduta da Monte Saraceno<\/figcaption><\/figure>\n<\/figure>\n<figure class=\"wp-block-image size-full is-style-default\">\n<figure id=\"attachment_39673\" aria-describedby=\"caption-attachment-39673\" style=\"width: 300px\" class=\"wp-caption alignnone\"><img decoding=\"async\" class=\"wp-image-39673 size-medium\" src=\"https:\/\/www.villaggiosanmatteo.it\/wp-content\/uploads\/2024\/01\/IMG_1895-300x169.jpeg\" alt=\"\" width=\"300\" height=\"169\" srcset=\"https:\/\/www.villaggiosanmatteo.it\/wp-content\/uploads\/2024\/01\/IMG_1895-300x169.jpeg 300w, https:\/\/www.villaggiosanmatteo.it\/wp-content\/uploads\/2024\/01\/IMG_1895-1024x576.jpeg 1024w, https:\/\/www.villaggiosanmatteo.it\/wp-content\/uploads\/2024\/01\/IMG_1895-768x432.jpeg 768w, https:\/\/www.villaggiosanmatteo.it\/wp-content\/uploads\/2024\/01\/IMG_1895-1536x864.jpeg 1536w, https:\/\/www.villaggiosanmatteo.it\/wp-content\/uploads\/2024\/01\/IMG_1895-2048x1152.jpeg 2048w, https:\/\/www.villaggiosanmatteo.it\/wp-content\/uploads\/2024\/01\/IMG_1895-370x208.jpeg 370w, https:\/\/www.villaggiosanmatteo.it\/wp-content\/uploads\/2024\/01\/IMG_1895-1290x725.jpeg 1290w, https:\/\/www.villaggiosanmatteo.it\/wp-content\/uploads\/2024\/01\/IMG_1895-840x473.jpeg 840w, https:\/\/www.villaggiosanmatteo.it\/wp-content\/uploads\/2024\/01\/IMG_1895-410x231.jpeg 410w, https:\/\/www.villaggiosanmatteo.it\/wp-content\/uploads\/2024\/01\/IMG_1895-270x152.jpeg 270w\" sizes=\"(max-width: 300px) 100vw, 300px\" \/><figcaption id=\"caption-attachment-39673\" class=\"wp-caption-text\">Spettacolare vista da Monte Saraceno<\/figcaption><\/figure>\n<\/figure>\n<\/figure>\n<p><strong>Durata<\/strong>: 3 heures<\/p>\n<p><strong>Lunghezza<\/strong>: 4 km\u00a0<\/p>\n<p><strong>Difficolt\u00e0<\/strong>: T (facile)<\/p>\n<p>Convient aux familles avec enfants, vous pouvez apporter des animaux de compagnie<\/p>\n<div class=\"wp-block-spacer\" style=\"height: 20px\" aria-hidden=\"true\">\u00a0<\/div>\n<figure class=\"wp-block-gallery alignwide has-nested-images columns-default is-cropped\">\n<figure class=\"wp-block-image size-large\"><\/figure>\n<\/figure>\n<p>\u00a0<\/p>\t\t\t\t\t\t\t\t<\/div>\n\t\t\t\t<\/div>\n\t\t\t\t<div class=\"elementor-element elementor-element-74f7df4 elementor-arrows-position-inside sc_fly_static elementor-widget elementor-widget-image-carousel\" data-id=\"74f7df4\" data-element_type=\"widget\" data-settings=\"{&quot;slides_to_show&quot;:&quot;1&quot;,&quot;navigation&quot;:&quot;arrows&quot;,&quot;autoplay&quot;:&quot;yes&quot;,&quot;pause_on_hover&quot;:&quot;yes&quot;,&quot;pause_on_interaction&quot;:&quot;yes&quot;,&quot;autoplay_speed&quot;:5000,&quot;infinite&quot;:&quot;yes&quot;,&quot;effect&quot;:&quot;slide&quot;,&quot;speed&quot;:500}\" data-widget_type=\"image-carousel.default\">\n\t\t\t\t<div class=\"elementor-widget-container\">\n\t\t\t\t\t\t\t<div class=\"elementor-image-carousel-wrapper swiper\" role=\"region\" aria-roledescription=\"carousel\" aria-label=\"Carrousel d\u2019images\" dir=\"ltr\">\n\t\t\t<div class=\"elementor-image-carousel swiper-wrapper\" aria-live=\"off\">\n\t\t\t\t\t\t\t\t<div class=\"swiper-slide\" role=\"group\" aria-roledescription=\"slide\" aria-label=\"1 sur 7\"><a data-elementor-open-lightbox=\"yes\" data-elementor-lightbox-slideshow=\"74f7df4\" data-e-action-hash=\"#elementor-action%3Aaction%3Dlightbox%26settings%3DeyJpZCI6Mzk2ODUsInVybCI6Imh0dHBzOlwvXC93d3cudmlsbGFnZ2lvc2FubWF0dGVvLml0XC93cC1jb250ZW50XC91cGxvYWRzXC8yMDI0XC8wMVwvSU1HXzE4NzItc2NhbGVkLmpwZWciLCJzbGlkZXNob3ciOiI3NGY3ZGY0In0%3D\" href=\"https:\/\/www.villaggiosanmatteo.it\/wp-content\/uploads\/2024\/01\/IMG_1872-scaled.jpeg\"><figure class=\"swiper-slide-inner\"><img decoding=\"async\" class=\"swiper-slide-image\" src=\"https:\/\/www.villaggiosanmatteo.it\/wp-content\/uploads\/2024\/01\/IMG_1872-scaled.jpeg\" alt=\"Vista mozzafiato da Monte Saraceno\" \/><\/figure><\/a><\/div><div class=\"swiper-slide\" role=\"group\" aria-roledescription=\"slide\" aria-label=\"2 sur 7\"><a data-elementor-open-lightbox=\"yes\" data-elementor-lightbox-slideshow=\"74f7df4\" data-e-action-hash=\"#elementor-action%3Aaction%3Dlightbox%26settings%3DeyJpZCI6Mzk2NzMsInVybCI6Imh0dHBzOlwvXC93d3cudmlsbGFnZ2lvc2FubWF0dGVvLml0XC93cC1jb250ZW50XC91cGxvYWRzXC8yMDI0XC8wMVwvSU1HXzE4OTUtc2NhbGVkLmpwZWciLCJzbGlkZXNob3ciOiI3NGY3ZGY0In0%3D\" href=\"https:\/\/www.villaggiosanmatteo.it\/wp-content\/uploads\/2024\/01\/IMG_1895-scaled.jpeg\"><figure class=\"swiper-slide-inner\"><img decoding=\"async\" class=\"swiper-slide-image\" src=\"https:\/\/www.villaggiosanmatteo.it\/wp-content\/uploads\/2024\/01\/IMG_1895-scaled.jpeg\" alt=\"Spettacolare vista da Monte Saraceno\" \/><\/figure><\/a><\/div><div class=\"swiper-slide\" role=\"group\" aria-roledescription=\"slide\" aria-label=\"3 sur 7\"><a data-elementor-open-lightbox=\"yes\" data-elementor-lightbox-slideshow=\"74f7df4\" data-e-action-hash=\"#elementor-action%3Aaction%3Dlightbox%26settings%3DeyJpZCI6Mzk2NzcsInVybCI6Imh0dHBzOlwvXC93d3cudmlsbGFnZ2lvc2FubWF0dGVvLml0XC93cC1jb250ZW50XC91cGxvYWRzXC8yMDI0XC8wMVwvSU1HXzE4ODgtc2NhbGVkLmpwZWciLCJzbGlkZXNob3ciOiI3NGY3ZGY0In0%3D\" href=\"https:\/\/www.villaggiosanmatteo.it\/wp-content\/uploads\/2024\/01\/IMG_1888-scaled.jpeg\"><figure class=\"swiper-slide-inner\"><img decoding=\"async\" class=\"swiper-slide-image\" src=\"https:\/\/www.villaggiosanmatteo.it\/wp-content\/uploads\/2024\/01\/IMG_1888-scaled.jpeg\" alt=\"Vista da Monte Saraceno\" \/><\/figure><\/a><\/div><div class=\"swiper-slide\" role=\"group\" aria-roledescription=\"slide\" aria-label=\"4 sur 7\"><a data-elementor-open-lightbox=\"yes\" data-elementor-lightbox-slideshow=\"74f7df4\" data-e-action-hash=\"#elementor-action%3Aaction%3Dlightbox%26settings%3DeyJpZCI6MzY2OTgsInVybCI6Imh0dHBzOlwvXC93d3cudmlsbGFnZ2lvc2FubWF0dGVvLml0XC93cC1jb250ZW50XC91cGxvYWRzXC8yMDIzXC8xMVwvZm90b2xvZ280LXNjYWxlZC5qcGciLCJzbGlkZXNob3ciOiI3NGY3ZGY0In0%3D\" href=\"https:\/\/www.villaggiosanmatteo.it\/wp-content\/uploads\/2023\/11\/fotologo4-scaled.jpg\"><figure class=\"swiper-slide-inner\"><img decoding=\"async\" class=\"swiper-slide-image\" src=\"https:\/\/www.villaggiosanmatteo.it\/wp-content\/uploads\/2023\/11\/fotologo4-scaled.jpg\" alt=\"Spiaggia da Monte Saraceno\" \/><\/figure><\/a><\/div><div class=\"swiper-slide\" role=\"group\" aria-roledescription=\"slide\" aria-label=\"5 sur 7\"><a data-elementor-open-lightbox=\"yes\" data-elementor-lightbox-slideshow=\"74f7df4\" data-e-action-hash=\"#elementor-action%3Aaction%3Dlightbox%26settings%3DeyJpZCI6Mzk2ODEsInVybCI6Imh0dHBzOlwvXC93d3cudmlsbGFnZ2lvc2FubWF0dGVvLml0XC93cC1jb250ZW50XC91cGxvYWRzXC8yMDI0XC8wMVwvSU1HXzE4ODctc2NhbGVkLmpwZWciLCJzbGlkZXNob3ciOiI3NGY3ZGY0In0%3D\" href=\"https:\/\/www.villaggiosanmatteo.it\/wp-content\/uploads\/2024\/01\/IMG_1887-scaled.jpeg\"><figure class=\"swiper-slide-inner\"><img decoding=\"async\" class=\"swiper-slide-image\" src=\"https:\/\/www.villaggiosanmatteo.it\/wp-content\/uploads\/2024\/01\/IMG_1887-scaled.jpeg\" alt=\"Veduta da Monte Saraceno\" \/><\/figure><\/a><\/div><div class=\"swiper-slide\" role=\"group\" aria-roledescription=\"slide\" aria-label=\"6 sur 7\"><a data-elementor-open-lightbox=\"yes\" data-elementor-lightbox-slideshow=\"74f7df4\" data-e-action-hash=\"#elementor-action%3Aaction%3Dlightbox%26settings%3DeyJpZCI6MzY3MjIsInVybCI6Imh0dHBzOlwvXC93d3cudmlsbGFnZ2lvc2FubWF0dGVvLml0XC93cC1jb250ZW50XC91cGxvYWRzXC8yMDIzXC8xMVwvRFNDMDI1MjItc2NhbGVkLmpwZyIsInNsaWRlc2hvdyI6Ijc0ZjdkZjQifQ%3D%3D\" href=\"https:\/\/www.villaggiosanmatteo.it\/wp-content\/uploads\/2023\/11\/DSC02522-scaled.jpg\"><figure class=\"swiper-slide-inner\"><img decoding=\"async\" class=\"swiper-slide-image\" src=\"https:\/\/www.villaggiosanmatteo.it\/wp-content\/uploads\/2023\/11\/DSC02522-scaled.jpg\" alt=\"Baia di Mattinata da Monte Saraceno\" \/><\/figure><\/a><\/div><div class=\"swiper-slide\" role=\"group\" aria-roledescription=\"slide\" aria-label=\"7 sur 7\"><a data-elementor-open-lightbox=\"yes\" data-elementor-lightbox-slideshow=\"74f7df4\" data-e-action-hash=\"#elementor-action%3Aaction%3Dlightbox%26settings%3DeyJpZCI6MzY3MDcsInVybCI6Imh0dHBzOlwvXC93d3cudmlsbGFnZ2lvc2FubWF0dGVvLml0XC93cC1jb250ZW50XC91cGxvYWRzXC8yMDIzXC8xMVwvRFNDMDI1MjUtc2NhbGVkLmpwZyIsInNsaWRlc2hvdyI6Ijc0ZjdkZjQifQ%3D%3D\" href=\"https:\/\/www.villaggiosanmatteo.it\/wp-content\/uploads\/2023\/11\/DSC02525-scaled.jpg\"><figure class=\"swiper-slide-inner\"><img decoding=\"async\" class=\"swiper-slide-image\" src=\"https:\/\/www.villaggiosanmatteo.it\/wp-content\/uploads\/2023\/11\/DSC02525-scaled.jpg\" alt=\"Vista su Mattinata da Monte Saraceno\" \/><\/figure><\/a><\/div>\t\t\t<\/div>\n\t\t\t\t\t\t\t\t\t\t\t\t<div class=\"elementor-swiper-button elementor-swiper-button-prev\" role=\"button\" tabindex=\"0\">\n\t\t\t\t\t\t<i aria-hidden=\"true\" class=\"eicon-chevron-left\"><\/i>\t\t\t\t\t<\/div>\n\t\t\t\t\t<div class=\"elementor-swiper-button elementor-swiper-button-next\" role=\"button\" tabindex=\"0\">\n\t\t\t\t\t\t<i aria-hidden=\"true\" class=\"eicon-chevron-right\"><\/i>\t\t\t\t\t<\/div>\n\t\t\t\t\n\t\t\t\t\t\t\t\t\t<\/div>\n\t\t\t\t\t\t<\/div>\n\t\t\t\t<\/div>\n\t\t\t\t\t<\/div>\n\t\t<\/div>\n\t\t\t\t\t<\/div>\n\t\t<\/section>\n\t\t\t\t<\/div>\n\t\t","protected":false},"excerpt":{"rendered":"<p>Promenade vers le sommet de Monte Saraceno o\u00f9 la vue sur la baie de Mattinata devient enchanteresse, \u00e0 quelques pas du village. Une promenade vers la n\u00e9cropole de Monte Saraceno le long du chemin avec une vue magnifique sur la mer<\/p>\n","protected":false},"author":1,"featured_media":39685,"comment_status":"closed","ping_status":"closed","sticky":false,"template":"","format":"standard","meta":{"footnotes":""},"categories":[299],"tags":[],"class_list":["post-37442","post","type-post","status-publish","format-standard","has-post-thumbnail","hentry","category-gargano-experience-fr"],"yoast_head":"<!-- This site is optimized with the Yoast SEO plugin v25.2 - https:\/\/yoast.com\/wordpress\/plugins\/seo\/ -->\n<title>Excursion sur le mont Saraceno - Villaggio San Matteo<\/title>\n<meta name=\"description\" content=\"Passeggiata verso la cima di Monte Saraceno dove la veduta sulla Baia di Mattinata diventa incantevole, a pochi passi dal villaggio San Matteo Resort\" \/>\n<meta name=\"robots\" content=\"index, follow, max-snippet:-1, max-image-preview:large, max-video-preview:-1\" \/>\n<link rel=\"canonical\" href=\"https:\/\/www.villaggiosanmatteo.it\/fr\/escursione-su-monte-saraceno\/\" \/>\n<meta property=\"og:locale\" content=\"fr_FR\" \/>\n<meta property=\"og:type\" content=\"article\" \/>\n<meta property=\"og:title\" content=\"Excursion sur le mont Saraceno - Villaggio San Matteo\" \/>\n<meta property=\"og:description\" content=\"Passeggiata verso la cima di Monte Saraceno dove la veduta sulla Baia di Mattinata diventa incantevole, a pochi passi dal villaggio San Matteo Resort\" \/>\n<meta property=\"og:url\" content=\"https:\/\/www.villaggiosanmatteo.it\/fr\/escursione-su-monte-saraceno\/\" \/>\n<meta property=\"og:site_name\" content=\"Villaggio San Matteo\" \/>\n<meta property=\"article:published_time\" content=\"2023-11-14T15:09:39+00:00\" \/>\n<meta property=\"article:modified_time\" content=\"2024-02-10T20:40:09+00:00\" \/>\n<meta property=\"og:image\" content=\"https:\/\/www.villaggiosanmatteo.it\/wp-content\/uploads\/2024\/01\/IMG_1872-scaled.jpeg\" \/>\n\t<meta property=\"og:image:width\" content=\"2560\" \/>\n\t<meta property=\"og:image:height\" content=\"1440\" \/>\n\t<meta property=\"og:image:type\" content=\"image\/jpeg\" \/>\n<meta name=\"author\" content=\"beddy\" \/>\n<meta name=\"twitter:card\" content=\"summary_large_image\" \/>\n<meta name=\"twitter:label1\" content=\"\u00c9crit par\" \/>\n\t<meta name=\"twitter:data1\" content=\"beddy\" \/>\n\t<meta name=\"twitter:label2\" content=\"Dur\u00e9e de lecture estim\u00e9e\" \/>\n\t<meta name=\"twitter:data2\" content=\"3 minutes\" \/>\n<script type=\"application\/ld+json\" class=\"yoast-schema-graph\">{\"@context\":\"https:\/\/schema.org\",\"@graph\":[{\"@type\":\"Article\",\"@id\":\"https:\/\/www.villaggiosanmatteo.it\/fr\/escursione-su-monte-saraceno\/#article\",\"isPartOf\":{\"@id\":\"https:\/\/www.villaggiosanmatteo.it\/fr\/escursione-su-monte-saraceno\/\"},\"author\":{\"name\":\"beddy\",\"@id\":\"https:\/\/www.villaggiosanmatteo.it\/#\/schema\/person\/e0eb77670930a8dd82ef6a4608e63153\"},\"headline\":\"Excursion sur le mont Saraceno\",\"datePublished\":\"2023-11-14T15:09:39+00:00\",\"dateModified\":\"2024-02-10T20:40:09+00:00\",\"mainEntityOfPage\":{\"@id\":\"https:\/\/www.villaggiosanmatteo.it\/fr\/escursione-su-monte-saraceno\/\"},\"wordCount\":88,\"publisher\":{\"@id\":\"https:\/\/www.villaggiosanmatteo.it\/#organization\"},\"image\":{\"@id\":\"https:\/\/www.villaggiosanmatteo.it\/fr\/escursione-su-monte-saraceno\/#primaryimage\"},\"thumbnailUrl\":\"https:\/\/www.villaggiosanmatteo.it\/wp-content\/uploads\/2024\/01\/IMG_1872-scaled.jpeg\",\"articleSection\":[\"Gargano Experience\"],\"inLanguage\":\"fr-FR\"},{\"@type\":\"WebPage\",\"@id\":\"https:\/\/www.villaggiosanmatteo.it\/fr\/escursione-su-monte-saraceno\/\",\"url\":\"https:\/\/www.villaggiosanmatteo.it\/fr\/escursione-su-monte-saraceno\/\",\"name\":\"Excursion sur le mont Saraceno - Villaggio San Matteo\",\"isPartOf\":{\"@id\":\"https:\/\/www.villaggiosanmatteo.it\/#website\"},\"primaryImageOfPage\":{\"@id\":\"https:\/\/www.villaggiosanmatteo.it\/fr\/escursione-su-monte-saraceno\/#primaryimage\"},\"image\":{\"@id\":\"https:\/\/www.villaggiosanmatteo.it\/fr\/escursione-su-monte-saraceno\/#primaryimage\"},\"thumbnailUrl\":\"https:\/\/www.villaggiosanmatteo.it\/wp-content\/uploads\/2024\/01\/IMG_1872-scaled.jpeg\",\"datePublished\":\"2023-11-14T15:09:39+00:00\",\"dateModified\":\"2024-02-10T20:40:09+00:00\",\"description\":\"Passeggiata verso la cima di Monte Saraceno dove la veduta sulla Baia di Mattinata diventa incantevole, a pochi passi dal villaggio San Matteo Resort\",\"inLanguage\":\"fr-FR\",\"potentialAction\":[{\"@type\":\"ReadAction\",\"target\":[\"https:\/\/www.villaggiosanmatteo.it\/fr\/escursione-su-monte-saraceno\/\"]}]},{\"@type\":\"ImageObject\",\"inLanguage\":\"fr-FR\",\"@id\":\"https:\/\/www.villaggiosanmatteo.it\/fr\/escursione-su-monte-saraceno\/#primaryimage\",\"url\":\"https:\/\/www.villaggiosanmatteo.it\/wp-content\/uploads\/2024\/01\/IMG_1872-scaled.jpeg\",\"contentUrl\":\"https:\/\/www.villaggiosanmatteo.it\/wp-content\/uploads\/2024\/01\/IMG_1872-scaled.jpeg\",\"width\":2560,\"height\":1440,\"caption\":\"Vista mozzafiato da Monte Saraceno\"},{\"@type\":\"WebSite\",\"@id\":\"https:\/\/www.villaggiosanmatteo.it\/#website\",\"url\":\"https:\/\/www.villaggiosanmatteo.it\/\",\"name\":\"Villaggio San Matteo\",\"description\":\"Vacanze in Puglia a 4 stelle per famiglie anche con bambini, Mattinata del Gargano, con Piscina e Spiaggia Privata\",\"publisher\":{\"@id\":\"https:\/\/www.villaggiosanmatteo.it\/#organization\"},\"potentialAction\":[{\"@type\":\"SearchAction\",\"target\":{\"@type\":\"EntryPoint\",\"urlTemplate\":\"https:\/\/www.villaggiosanmatteo.it\/?s={search_term_string}\"},\"query-input\":{\"@type\":\"PropertyValueSpecification\",\"valueRequired\":true,\"valueName\":\"search_term_string\"}}],\"inLanguage\":\"fr-FR\"},{\"@type\":\"Organization\",\"@id\":\"https:\/\/www.villaggiosanmatteo.it\/#organization\",\"name\":\"Villaggio San Matteo\",\"url\":\"https:\/\/www.villaggiosanmatteo.it\/\",\"logo\":{\"@type\":\"ImageObject\",\"inLanguage\":\"fr-FR\",\"@id\":\"https:\/\/www.villaggiosanmatteo.it\/#\/schema\/logo\/image\/\",\"url\":\"https:\/\/www.villaggiosanmatteo.it\/wp-content\/uploads\/2023\/11\/logo.png\",\"contentUrl\":\"https:\/\/www.villaggiosanmatteo.it\/wp-content\/uploads\/2023\/11\/logo.png\",\"width\":113,\"height\":150,\"caption\":\"Villaggio San Matteo\"},\"image\":{\"@id\":\"https:\/\/www.villaggiosanmatteo.it\/#\/schema\/logo\/image\/\"}},{\"@type\":\"Person\",\"@id\":\"https:\/\/www.villaggiosanmatteo.it\/#\/schema\/person\/e0eb77670930a8dd82ef6a4608e63153\",\"name\":\"beddy\",\"image\":{\"@type\":\"ImageObject\",\"inLanguage\":\"fr-FR\",\"@id\":\"https:\/\/www.villaggiosanmatteo.it\/#\/schema\/person\/image\/\",\"url\":\"https:\/\/secure.gravatar.com\/avatar\/b2a2f8676f9db7dd63c3aff9d9efd594a7766386b790029dba17ebf35c297097?s=96&d=mm&r=g\",\"contentUrl\":\"https:\/\/secure.gravatar.com\/avatar\/b2a2f8676f9db7dd63c3aff9d9efd594a7766386b790029dba17ebf35c297097?s=96&d=mm&r=g\",\"caption\":\"beddy\"},\"sameAs\":[\"https:\/\/www.villaggiosanmatteo.it\"],\"url\":\"https:\/\/www.villaggiosanmatteo.it\/fr\/author\/beddy\/\"}]}<\/script>\n<!-- \/ Yoast SEO plugin. -->","yoast_head_json":{"title":"Excursion sur le mont Saraceno - Villaggio San Matteo","description":"Passeggiata verso la cima di Monte Saraceno dove la veduta sulla Baia di Mattinata diventa incantevole, a pochi passi dal villaggio San Matteo Resort","robots":{"index":"index","follow":"follow","max-snippet":"max-snippet:-1","max-image-preview":"max-image-preview:large","max-video-preview":"max-video-preview:-1"},"canonical":"https:\/\/www.villaggiosanmatteo.it\/fr\/escursione-su-monte-saraceno\/","og_locale":"fr_FR","og_type":"article","og_title":"Excursion sur le mont Saraceno - Villaggio San Matteo","og_description":"Passeggiata verso la cima di Monte Saraceno dove la veduta sulla Baia di Mattinata diventa incantevole, a pochi passi dal villaggio San Matteo Resort","og_url":"https:\/\/www.villaggiosanmatteo.it\/fr\/escursione-su-monte-saraceno\/","og_site_name":"Villaggio San Matteo","article_published_time":"2023-11-14T15:09:39+00:00","article_modified_time":"2024-02-10T20:40:09+00:00","og_image":[{"width":2560,"height":1440,"url":"https:\/\/www.villaggiosanmatteo.it\/wp-content\/uploads\/2024\/01\/IMG_1872-scaled.jpeg","type":"image\/jpeg"}],"author":"beddy","twitter_card":"summary_large_image","twitter_misc":{"\u00c9crit par":"beddy","Dur\u00e9e de lecture estim\u00e9e":"3 minutes"},"schema":{"@context":"https:\/\/schema.org","@graph":[{"@type":"Article","@id":"https:\/\/www.villaggiosanmatteo.it\/fr\/escursione-su-monte-saraceno\/#article","isPartOf":{"@id":"https:\/\/www.villaggiosanmatteo.it\/fr\/escursione-su-monte-saraceno\/"},"author":{"name":"beddy","@id":"https:\/\/www.villaggiosanmatteo.it\/#\/schema\/person\/e0eb77670930a8dd82ef6a4608e63153"},"headline":"Excursion sur le mont Saraceno","datePublished":"2023-11-14T15:09:39+00:00","dateModified":"2024-02-10T20:40:09+00:00","mainEntityOfPage":{"@id":"https:\/\/www.villaggiosanmatteo.it\/fr\/escursione-su-monte-saraceno\/"},"wordCount":88,"publisher":{"@id":"https:\/\/www.villaggiosanmatteo.it\/#organization"},"image":{"@id":"https:\/\/www.villaggiosanmatteo.it\/fr\/escursione-su-monte-saraceno\/#primaryimage"},"thumbnailUrl":"https:\/\/www.villaggiosanmatteo.it\/wp-content\/uploads\/2024\/01\/IMG_1872-scaled.jpeg","articleSection":["Gargano Experience"],"inLanguage":"fr-FR"},{"@type":"WebPage","@id":"https:\/\/www.villaggiosanmatteo.it\/fr\/escursione-su-monte-saraceno\/","url":"https:\/\/www.villaggiosanmatteo.it\/fr\/escursione-su-monte-saraceno\/","name":"Excursion sur le mont Saraceno - Villaggio San Matteo","isPartOf":{"@id":"https:\/\/www.villaggiosanmatteo.it\/#website"},"primaryImageOfPage":{"@id":"https:\/\/www.villaggiosanmatteo.it\/fr\/escursione-su-monte-saraceno\/#primaryimage"},"image":{"@id":"https:\/\/www.villaggiosanmatteo.it\/fr\/escursione-su-monte-saraceno\/#primaryimage"},"thumbnailUrl":"https:\/\/www.villaggiosanmatteo.it\/wp-content\/uploads\/2024\/01\/IMG_1872-scaled.jpeg","datePublished":"2023-11-14T15:09:39+00:00","dateModified":"2024-02-10T20:40:09+00:00","description":"Passeggiata verso la cima di Monte Saraceno dove la veduta sulla Baia di Mattinata diventa incantevole, a pochi passi dal villaggio San Matteo Resort","inLanguage":"fr-FR","potentialAction":[{"@type":"ReadAction","target":["https:\/\/www.villaggiosanmatteo.it\/fr\/escursione-su-monte-saraceno\/"]}]},{"@type":"ImageObject","inLanguage":"fr-FR","@id":"https:\/\/www.villaggiosanmatteo.it\/fr\/escursione-su-monte-saraceno\/#primaryimage","url":"https:\/\/www.villaggiosanmatteo.it\/wp-content\/uploads\/2024\/01\/IMG_1872-scaled.jpeg","contentUrl":"https:\/\/www.villaggiosanmatteo.it\/wp-content\/uploads\/2024\/01\/IMG_1872-scaled.jpeg","width":2560,"height":1440,"caption":"Vista mozzafiato da Monte Saraceno"},{"@type":"WebSite","@id":"https:\/\/www.villaggiosanmatteo.it\/#website","url":"https:\/\/www.villaggiosanmatteo.it\/","name":"Villaggio San Matteo","description":"Vacanze in Puglia a 4 stelle per famiglie anche con bambini, Mattinata del Gargano, con Piscina e Spiaggia Privata","publisher":{"@id":"https:\/\/www.villaggiosanmatteo.it\/#organization"},"potentialAction":[{"@type":"SearchAction","target":{"@type":"EntryPoint","urlTemplate":"https:\/\/www.villaggiosanmatteo.it\/?s={search_term_string}"},"query-input":{"@type":"PropertyValueSpecification","valueRequired":true,"valueName":"search_term_string"}}],"inLanguage":"fr-FR"},{"@type":"Organization","@id":"https:\/\/www.villaggiosanmatteo.it\/#organization","name":"Villaggio San Matteo","url":"https:\/\/www.villaggiosanmatteo.it\/","logo":{"@type":"ImageObject","inLanguage":"fr-FR","@id":"https:\/\/www.villaggiosanmatteo.it\/#\/schema\/logo\/image\/","url":"https:\/\/www.villaggiosanmatteo.it\/wp-content\/uploads\/2023\/11\/logo.png","contentUrl":"https:\/\/www.villaggiosanmatteo.it\/wp-content\/uploads\/2023\/11\/logo.png","width":113,"height":150,"caption":"Villaggio San Matteo"},"image":{"@id":"https:\/\/www.villaggiosanmatteo.it\/#\/schema\/logo\/image\/"}},{"@type":"Person","@id":"https:\/\/www.villaggiosanmatteo.it\/#\/schema\/person\/e0eb77670930a8dd82ef6a4608e63153","name":"beddy","image":{"@type":"ImageObject","inLanguage":"fr-FR","@id":"https:\/\/www.villaggiosanmatteo.it\/#\/schema\/person\/image\/","url":"https:\/\/secure.gravatar.com\/avatar\/b2a2f8676f9db7dd63c3aff9d9efd594a7766386b790029dba17ebf35c297097?s=96&d=mm&r=g","contentUrl":"https:\/\/secure.gravatar.com\/avatar\/b2a2f8676f9db7dd63c3aff9d9efd594a7766386b790029dba17ebf35c297097?s=96&d=mm&r=g","caption":"beddy"},"sameAs":["https:\/\/www.villaggiosanmatteo.it"],"url":"https:\/\/www.villaggiosanmatteo.it\/fr\/author\/beddy\/"}]}},"_links":{"self":[{"href":"https:\/\/www.villaggiosanmatteo.it\/fr\/wp-json\/wp\/v2\/posts\/37442","targetHints":{"allow":["GET"]}}],"collection":[{"href":"https:\/\/www.villaggiosanmatteo.it\/fr\/wp-json\/wp\/v2\/posts"}],"about":[{"href":"https:\/\/www.villaggiosanmatteo.it\/fr\/wp-json\/wp\/v2\/types\/post"}],"author":[{"embeddable":true,"href":"https:\/\/www.villaggiosanmatteo.it\/fr\/wp-json\/wp\/v2\/users\/1"}],"replies":[{"embeddable":true,"href":"https:\/\/www.villaggiosanmatteo.it\/fr\/wp-json\/wp\/v2\/comments?post=37442"}],"version-history":[{"count":8,"href":"https:\/\/www.villaggiosanmatteo.it\/fr\/wp-json\/wp\/v2\/posts\/37442\/revisions"}],"predecessor-version":[{"id":39714,"href":"https:\/\/www.villaggiosanmatteo.it\/fr\/wp-json\/wp\/v2\/posts\/37442\/revisions\/39714"}],"wp:featuredmedia":[{"embeddable":true,"href":"https:\/\/www.villaggiosanmatteo.it\/fr\/wp-json\/wp\/v2\/media\/39685"}],"wp:attachment":[{"href":"https:\/\/www.villaggiosanmatteo.it\/fr\/wp-json\/wp\/v2\/media?parent=37442"}],"wp:term":[{"taxonomy":"category","embeddable":true,"href":"https:\/\/www.villaggiosanmatteo.it\/fr\/wp-json\/wp\/v2\/categories?post=37442"},{"taxonomy":"post_tag","embeddable":true,"href":"https:\/\/www.villaggiosanmatteo.it\/fr\/wp-json\/wp\/v2\/tags?post=37442"}],"curies":[{"name":"wp","href":"https:\/\/api.w.org\/{rel}","templated":true}]}}